{"id":830,"date":"2022-08-01T19:30:00","date_gmt":"2022-08-01T19:30:00","guid":{"rendered":"https:\/\/julius.von-lorentz.de\/?p=830"},"modified":"2026-01-01T15:48:43","modified_gmt":"2026-01-01T15:48:43","slug":"abendlied","status":"publish","type":"post","link":"https:\/\/julius.von-lorentz.de\/en\/abendlied\/","title":{"rendered":"Abendlied"},"content":{"rendered":"<div data-elementor-type=\"wp-post\" data-elementor-id=\"830\" class=\"elementor elementor-830\">\n\t\t\t\t<div class=\"elementor-element elementor-element-1765ec9 e-flex e-con-boxed e-con e-parent\" data-id=\"1765ec9\" data-element_type=\"container\" data-e-type=\"container\">\n\t\t\t\t\t<div class=\"e-con-inner\">\n\t\t\t\t<div class=\"elementor-element elementor-element-48554ea elementor-widget elementor-widget-heading\" data-id=\"48554ea\" data-element_type=\"widget\" data-e-type=\"widget\" data-widget_type=\"heading.default\">\n\t\t\t\t<div class=\"elementor-widget-container\">\n\t\t\t\t\t<h2 class=\"elementor-heading-title elementor-size-default\">Abendlied<\/h2>\t\t\t\t<\/div>\n\t\t\t\t<\/div>\n\t\t\t\t<div class=\"elementor-element elementor-element-f4b5c60 elementor-widget elementor-widget-text-editor\" data-id=\"f4b5c60\" data-element_type=\"widget\" data-e-type=\"widget\" data-widget_type=\"text-editor.default\">\n\t\t\t\t<div class=\"elementor-widget-container\">\n\t\t\t\t\t\t\t\t\t<p>Jahr: 2022<br \/>Besetzung: Fl\u00f6te (auch Piccolo), Viola, Klavier, Schlagwerk (Marimbaphon, Pauken in Fis und cis, h\u00e4ngendes Becken, Tam-Tam, kleine Trommel, gro\u00dfe Trommel)<br \/>Dauer: 8:15 min.<br \/>Urauff\u00fchrung: August 2022, Silvia Rozas Ramallal, Fl\u00f6te; Clara Schmid, Viola; Sebastian Wieland, Schlagwerk; Viktor Soos, Klavier; Konzert der Bundespreistr\u00e4ger:innen Jugend komponiert; Kleiner Saal der Hochschule f\u00fcr Musik und Darstellende Kunst Frankfurt a. Main, Deutschland<\/p>\t\t\t\t\t\t\t\t<\/div>\n\t\t\t\t<\/div>\n\t\t\t\t\t<\/div>\n\t\t\t\t<\/div>\n\t\t\t\t<\/div>","protected":false},"excerpt":{"rendered":"<p>Abendlied Jahr: 2022Besetzung: Fl\u00f6te (auch Piccolo), Viola, Klavier, Schlagwerk (Marimbaphon, Pauken in Fis und cis, h\u00e4ngendes Becken, Tam-Tam, kleine Trommel, gro\u00dfe Trommel)Dauer: 8:15 min.Urauff\u00fchrung: August 2022, Silvia Rozas Ramallal, Fl\u00f6te; [&hellip;]<\/p>\n","protected":false},"author":1,"featured_media":843,"comment_status":"closed","ping_status":"closed","sticky":false,"template":"elementor_header_footer","format":"standard","meta":{"ocean_post_layout":"","ocean_both_sidebars_style":"","ocean_both_sidebars_content_width":0,"ocean_both_sidebars_sidebars_width":0,"ocean_sidebar":"","ocean_second_sidebar":"","ocean_disable_margins":"enable","ocean_add_body_class":"","ocean_shortcode_before_top_bar":"","ocean_shortcode_after_top_bar":"","ocean_shortcode_before_header":"","ocean_shortcode_after_header":"","ocean_has_shortcode":"","ocean_shortcode_after_title":"","ocean_shortcode_before_footer_widgets":"","ocean_shortcode_after_footer_widgets":"","ocean_shortcode_before_footer_bottom":"","ocean_shortcode_after_footer_bottom":"","ocean_display_top_bar":"off","ocean_display_header":"default","ocean_header_style":"","ocean_center_header_left_menu":"","ocean_custom_header_template":"","ocean_custom_logo":0,"ocean_custom_retina_logo":0,"ocean_custom_logo_max_width":0,"ocean_custom_logo_tablet_max_width":0,"ocean_custom_logo_mobile_max_width":0,"ocean_custom_logo_max_height":0,"ocean_custom_logo_tablet_max_height":0,"ocean_custom_logo_mobile_max_height":0,"ocean_header_custom_menu":"","ocean_menu_typo_font_family":"","ocean_menu_typo_font_subset":"","ocean_menu_typo_font_size":0,"ocean_menu_typo_font_size_tablet":0,"ocean_menu_typo_font_size_mobile":0,"ocean_menu_typo_font_size_unit":"px","ocean_menu_typo_font_weight":"","ocean_menu_typo_font_weight_tablet":"","ocean_menu_typo_font_weight_mobile":"","ocean_menu_typo_transform":"","ocean_menu_typo_transform_tablet":"","ocean_menu_typo_transform_mobile":"","ocean_menu_typo_line_height":0,"ocean_menu_typo_line_height_tablet":0,"ocean_menu_typo_line_height_mobile":0,"ocean_menu_typo_line_height_unit":"","ocean_menu_typo_spacing":0,"ocean_menu_typo_spacing_tablet":0,"ocean_menu_typo_spacing_mobile":0,"ocean_menu_typo_spacing_unit":"","ocean_menu_link_color":"","ocean_menu_link_color_hover":"","ocean_menu_link_color_active":"","ocean_menu_link_background":"","ocean_menu_link_hover_background":"","ocean_menu_link_active_background":"","ocean_menu_social_links_bg":"","ocean_menu_social_hover_links_bg":"","ocean_menu_social_links_color":"","ocean_menu_social_hover_links_color":"","ocean_disable_title":"on","ocean_disable_heading":"default","ocean_post_title":"","ocean_post_subheading":"","ocean_post_title_style":"","ocean_post_title_background_color":"","ocean_post_title_background":0,"ocean_post_title_bg_image_position":"","ocean_post_title_bg_image_attachment":"","ocean_post_title_bg_image_repeat":"","ocean_post_title_bg_image_size":"","ocean_post_title_height":0,"ocean_post_title_bg_overlay":0.5,"ocean_post_title_bg_overlay_color":"","ocean_disable_breadcrumbs":"default","ocean_breadcrumbs_color":"","ocean_breadcrumbs_separator_color":"","ocean_breadcrumbs_links_color":"","ocean_breadcrumbs_links_hover_color":"","ocean_display_footer_widgets":"off","ocean_display_footer_bottom":"default","ocean_custom_footer_template":"","ocean_post_oembed":"","ocean_post_self_hosted_media":"","ocean_post_video_embed":"","ocean_link_format":"","ocean_link_format_target":"self","ocean_quote_format":"","ocean_quote_format_link":"post","ocean_gallery_link_images":"on","ocean_gallery_id":[],"footnotes":""},"categories":[12],"tags":[],"class_list":["post-830","post","type-post","status-publish","format-standard","has-post-thumbnail","hentry","category-kammermusik","entry","has-media"],"yoast_head":"<!-- This site is optimized with the Yoast SEO plugin v27.5 - https:\/\/yoast.com\/product\/yoast-seo-wordpress\/ -->\n<title>Abendlied - Julius von Lorentz<\/title>\n<meta name=\"robots\" content=\"index, follow, max-snippet:-1, max-image-preview:large, max-video-preview:-1\" \/>\n<link rel=\"canonical\" href=\"https:\/\/julius.von-lorentz.de\/en\/abendlied\/\" \/>\n<meta property=\"og:locale\" content=\"en_US\" \/>\n<meta property=\"og:type\" content=\"article\" \/>\n<meta property=\"og:title\" content=\"Abendlied - Julius von Lorentz\" \/>\n<meta property=\"og:description\" content=\"Abendlied Jahr: 2022Besetzung: Fl\u00f6te (auch Piccolo), Viola, Klavier, Schlagwerk (Marimbaphon, Pauken in Fis und cis, h\u00e4ngendes Becken, Tam-Tam, kleine Trommel, gro\u00dfe Trommel)Dauer: 8:15 min.Urauff\u00fchrung: August 2022, Silvia Rozas Ramallal, Fl\u00f6te; [&hellip;]\" \/>\n<meta property=\"og:url\" content=\"https:\/\/julius.von-lorentz.de\/en\/abendlied\/\" \/>\n<meta property=\"og:site_name\" content=\"Julius von Lorentz\" \/>\n<meta property=\"article:published_time\" content=\"2022-08-01T19:30:00+00:00\" \/>\n<meta property=\"article:modified_time\" content=\"2026-01-01T15:48:43+00:00\" \/>\n<meta property=\"og:image\" content=\"https:\/\/julius.von-lorentz.de\/wp-content\/uploads\/2022\/08\/Abendlied.png\" \/>\n\t<meta property=\"og:image:width\" content=\"726\" \/>\n\t<meta property=\"og:image:height\" content=\"408\" \/>\n\t<meta property=\"og:image:type\" content=\"image\/png\" \/>\n<meta name=\"author\" content=\"Julius von Lorentz\" \/>\n<meta name=\"twitter:card\" content=\"summary_large_image\" \/>\n<meta name=\"twitter:label1\" content=\"Written by\" \/>\n\t<meta name=\"twitter:data1\" content=\"Julius von Lorentz\" \/>\n<script type=\"application\/ld+json\" class=\"yoast-schema-graph\">{\"@context\":\"https:\\\/\\\/schema.org\",\"@graph\":[{\"@type\":\"Article\",\"@id\":\"https:\\\/\\\/julius.von-lorentz.de\\\/abendlied\\\/#article\",\"isPartOf\":{\"@id\":\"https:\\\/\\\/julius.von-lorentz.de\\\/abendlied\\\/\"},\"author\":{\"name\":\"Julius von Lorentz\",\"@id\":\"https:\\\/\\\/julius.von-lorentz.de\\\/#\\\/schema\\\/person\\\/41157640be6f11d066a4d0e984e59733\"},\"headline\":\"Abendlied\",\"datePublished\":\"2022-08-01T19:30:00+00:00\",\"dateModified\":\"2026-01-01T15:48:43+00:00\",\"mainEntityOfPage\":{\"@id\":\"https:\\\/\\\/julius.von-lorentz.de\\\/abendlied\\\/\"},\"wordCount\":66,\"publisher\":{\"@id\":\"https:\\\/\\\/julius.von-lorentz.de\\\/#\\\/schema\\\/person\\\/41157640be6f11d066a4d0e984e59733\"},\"image\":{\"@id\":\"https:\\\/\\\/julius.von-lorentz.de\\\/abendlied\\\/#primaryimage\"},\"thumbnailUrl\":\"https:\\\/\\\/julius.von-lorentz.de\\\/wp-content\\\/uploads\\\/2022\\\/08\\\/Abendlied.png\",\"articleSection\":[\"Kammermusik\"],\"inLanguage\":\"en-US\"},{\"@type\":\"WebPage\",\"@id\":\"https:\\\/\\\/julius.von-lorentz.de\\\/abendlied\\\/\",\"url\":\"https:\\\/\\\/julius.von-lorentz.de\\\/abendlied\\\/\",\"name\":\"Abendlied - Julius von Lorentz\",\"isPartOf\":{\"@id\":\"https:\\\/\\\/julius.von-lorentz.de\\\/#website\"},\"primaryImageOfPage\":{\"@id\":\"https:\\\/\\\/julius.von-lorentz.de\\\/abendlied\\\/#primaryimage\"},\"image\":{\"@id\":\"https:\\\/\\\/julius.von-lorentz.de\\\/abendlied\\\/#primaryimage\"},\"thumbnailUrl\":\"https:\\\/\\\/julius.von-lorentz.de\\\/wp-content\\\/uploads\\\/2022\\\/08\\\/Abendlied.png\",\"datePublished\":\"2022-08-01T19:30:00+00:00\",\"dateModified\":\"2026-01-01T15:48:43+00:00\",\"breadcrumb\":{\"@id\":\"https:\\\/\\\/julius.von-lorentz.de\\\/abendlied\\\/#breadcrumb\"},\"inLanguage\":\"en-US\",\"potentialAction\":[{\"@type\":\"ReadAction\",\"target\":[\"https:\\\/\\\/julius.von-lorentz.de\\\/abendlied\\\/\"]}]},{\"@type\":\"ImageObject\",\"inLanguage\":\"en-US\",\"@id\":\"https:\\\/\\\/julius.von-lorentz.de\\\/abendlied\\\/#primaryimage\",\"url\":\"https:\\\/\\\/julius.von-lorentz.de\\\/wp-content\\\/uploads\\\/2022\\\/08\\\/Abendlied.png\",\"contentUrl\":\"https:\\\/\\\/julius.von-lorentz.de\\\/wp-content\\\/uploads\\\/2022\\\/08\\\/Abendlied.png\",\"width\":726,\"height\":408},{\"@type\":\"BreadcrumbList\",\"@id\":\"https:\\\/\\\/julius.von-lorentz.de\\\/abendlied\\\/#breadcrumb\",\"itemListElement\":[{\"@type\":\"ListItem\",\"position\":1,\"name\":\"Start\",\"item\":\"https:\\\/\\\/julius.von-lorentz.de\\\/\"},{\"@type\":\"ListItem\",\"position\":2,\"name\":\"Abendlied\"}]},{\"@type\":\"WebSite\",\"@id\":\"https:\\\/\\\/julius.von-lorentz.de\\\/#website\",\"url\":\"https:\\\/\\\/julius.von-lorentz.de\\\/\",\"name\":\"Julius von Lorentz\",\"description\":\"Komponist\",\"publisher\":{\"@id\":\"https:\\\/\\\/julius.von-lorentz.de\\\/#\\\/schema\\\/person\\\/41157640be6f11d066a4d0e984e59733\"},\"potentialAction\":[{\"@type\":\"SearchAction\",\"target\":{\"@type\":\"EntryPoint\",\"urlTemplate\":\"https:\\\/\\\/julius.von-lorentz.de\\\/?s={search_term_string}\"},\"query-input\":{\"@type\":\"PropertyValueSpecification\",\"valueRequired\":true,\"valueName\":\"search_term_string\"}}],\"inLanguage\":\"en-US\"},{\"@type\":[\"Person\",\"Organization\"],\"@id\":\"https:\\\/\\\/julius.von-lorentz.de\\\/#\\\/schema\\\/person\\\/41157640be6f11d066a4d0e984e59733\",\"name\":\"Julius von Lorentz\",\"image\":{\"@type\":\"ImageObject\",\"inLanguage\":\"en-US\",\"@id\":\"https:\\\/\\\/julius.von-lorentz.de\\\/wp-content\\\/uploads\\\/2025\\\/12\\\/40cropped-Julius-von-Lorentz-Hanna-Koenig-web-06151.jpeg\",\"url\":\"https:\\\/\\\/julius.von-lorentz.de\\\/wp-content\\\/uploads\\\/2025\\\/12\\\/40cropped-Julius-von-Lorentz-Hanna-Koenig-web-06151.jpeg\",\"contentUrl\":\"https:\\\/\\\/julius.von-lorentz.de\\\/wp-content\\\/uploads\\\/2025\\\/12\\\/40cropped-Julius-von-Lorentz-Hanna-Koenig-web-06151.jpeg\",\"width\":1067,\"height\":1400,\"caption\":\"Julius von Lorentz\"},\"logo\":{\"@id\":\"https:\\\/\\\/julius.von-lorentz.de\\\/wp-content\\\/uploads\\\/2025\\\/12\\\/40cropped-Julius-von-Lorentz-Hanna-Koenig-web-06151.jpeg\"},\"sameAs\":[\"https:\\\/\\\/julius.von-lorentz.de\"],\"url\":\"https:\\\/\\\/julius.von-lorentz.de\\\/en\\\/author\\\/admin\\\/\"}]}<\/script>\n<!-- \/ Yoast SEO plugin. -->","yoast_head_json":{"title":"Abendlied - Julius von Lorentz","robots":{"index":"index","follow":"follow","max-snippet":"max-snippet:-1","max-image-preview":"max-image-preview:large","max-video-preview":"max-video-preview:-1"},"canonical":"https:\/\/julius.von-lorentz.de\/en\/abendlied\/","og_locale":"en_US","og_type":"article","og_title":"Abendlied - Julius von Lorentz","og_description":"Abendlied Jahr: 2022Besetzung: Fl\u00f6te (auch Piccolo), Viola, Klavier, Schlagwerk (Marimbaphon, Pauken in Fis und cis, h\u00e4ngendes Becken, Tam-Tam, kleine Trommel, gro\u00dfe Trommel)Dauer: 8:15 min.Urauff\u00fchrung: August 2022, Silvia Rozas Ramallal, Fl\u00f6te; [&hellip;]","og_url":"https:\/\/julius.von-lorentz.de\/en\/abendlied\/","og_site_name":"Julius von Lorentz","article_published_time":"2022-08-01T19:30:00+00:00","article_modified_time":"2026-01-01T15:48:43+00:00","og_image":[{"width":726,"height":408,"url":"https:\/\/julius.von-lorentz.de\/wp-content\/uploads\/2022\/08\/Abendlied.png","type":"image\/png"}],"author":"Julius von Lorentz","twitter_card":"summary_large_image","twitter_misc":{"Written by":"Julius von Lorentz"},"schema":{"@context":"https:\/\/schema.org","@graph":[{"@type":"Article","@id":"https:\/\/julius.von-lorentz.de\/abendlied\/#article","isPartOf":{"@id":"https:\/\/julius.von-lorentz.de\/abendlied\/"},"author":{"name":"Julius von Lorentz","@id":"https:\/\/julius.von-lorentz.de\/#\/schema\/person\/41157640be6f11d066a4d0e984e59733"},"headline":"Abendlied","datePublished":"2022-08-01T19:30:00+00:00","dateModified":"2026-01-01T15:48:43+00:00","mainEntityOfPage":{"@id":"https:\/\/julius.von-lorentz.de\/abendlied\/"},"wordCount":66,"publisher":{"@id":"https:\/\/julius.von-lorentz.de\/#\/schema\/person\/41157640be6f11d066a4d0e984e59733"},"image":{"@id":"https:\/\/julius.von-lorentz.de\/abendlied\/#primaryimage"},"thumbnailUrl":"https:\/\/julius.von-lorentz.de\/wp-content\/uploads\/2022\/08\/Abendlied.png","articleSection":["Kammermusik"],"inLanguage":"en-US"},{"@type":"WebPage","@id":"https:\/\/julius.von-lorentz.de\/abendlied\/","url":"https:\/\/julius.von-lorentz.de\/abendlied\/","name":"Abendlied - Julius von Lorentz","isPartOf":{"@id":"https:\/\/julius.von-lorentz.de\/#website"},"primaryImageOfPage":{"@id":"https:\/\/julius.von-lorentz.de\/abendlied\/#primaryimage"},"image":{"@id":"https:\/\/julius.von-lorentz.de\/abendlied\/#primaryimage"},"thumbnailUrl":"https:\/\/julius.von-lorentz.de\/wp-content\/uploads\/2022\/08\/Abendlied.png","datePublished":"2022-08-01T19:30:00+00:00","dateModified":"2026-01-01T15:48:43+00:00","breadcrumb":{"@id":"https:\/\/julius.von-lorentz.de\/abendlied\/#breadcrumb"},"inLanguage":"en-US","potentialAction":[{"@type":"ReadAction","target":["https:\/\/julius.von-lorentz.de\/abendlied\/"]}]},{"@type":"ImageObject","inLanguage":"en-US","@id":"https:\/\/julius.von-lorentz.de\/abendlied\/#primaryimage","url":"https:\/\/julius.von-lorentz.de\/wp-content\/uploads\/2022\/08\/Abendlied.png","contentUrl":"https:\/\/julius.von-lorentz.de\/wp-content\/uploads\/2022\/08\/Abendlied.png","width":726,"height":408},{"@type":"BreadcrumbList","@id":"https:\/\/julius.von-lorentz.de\/abendlied\/#breadcrumb","itemListElement":[{"@type":"ListItem","position":1,"name":"Start","item":"https:\/\/julius.von-lorentz.de\/"},{"@type":"ListItem","position":2,"name":"Abendlied"}]},{"@type":"WebSite","@id":"https:\/\/julius.von-lorentz.de\/#website","url":"https:\/\/julius.von-lorentz.de\/","name":"Julius von Lorentz","description":"composer","publisher":{"@id":"https:\/\/julius.von-lorentz.de\/#\/schema\/person\/41157640be6f11d066a4d0e984e59733"},"potentialAction":[{"@type":"SearchAction","target":{"@type":"EntryPoint","urlTemplate":"https:\/\/julius.von-lorentz.de\/?s={search_term_string}"},"query-input":{"@type":"PropertyValueSpecification","valueRequired":true,"valueName":"search_term_string"}}],"inLanguage":"en-US"},{"@type":["Person","Organization"],"@id":"https:\/\/julius.von-lorentz.de\/#\/schema\/person\/41157640be6f11d066a4d0e984e59733","name":"Julius von Lorentz","image":{"@type":"ImageObject","inLanguage":"en-US","@id":"https:\/\/julius.von-lorentz.de\/wp-content\/uploads\/2025\/12\/40cropped-Julius-von-Lorentz-Hanna-Koenig-web-06151.jpeg","url":"https:\/\/julius.von-lorentz.de\/wp-content\/uploads\/2025\/12\/40cropped-Julius-von-Lorentz-Hanna-Koenig-web-06151.jpeg","contentUrl":"https:\/\/julius.von-lorentz.de\/wp-content\/uploads\/2025\/12\/40cropped-Julius-von-Lorentz-Hanna-Koenig-web-06151.jpeg","width":1067,"height":1400,"caption":"Julius von Lorentz"},"logo":{"@id":"https:\/\/julius.von-lorentz.de\/wp-content\/uploads\/2025\/12\/40cropped-Julius-von-Lorentz-Hanna-Koenig-web-06151.jpeg"},"sameAs":["https:\/\/julius.von-lorentz.de"],"url":"https:\/\/julius.von-lorentz.de\/en\/author\/admin\/"}]}},"_links":{"self":[{"href":"https:\/\/julius.von-lorentz.de\/en\/wp-json\/wp\/v2\/posts\/830","targetHints":{"allow":["GET"]}}],"collection":[{"href":"https:\/\/julius.von-lorentz.de\/en\/wp-json\/wp\/v2\/posts"}],"about":[{"href":"https:\/\/julius.von-lorentz.de\/en\/wp-json\/wp\/v2\/types\/post"}],"author":[{"embeddable":true,"href":"https:\/\/julius.von-lorentz.de\/en\/wp-json\/wp\/v2\/users\/1"}],"replies":[{"embeddable":true,"href":"https:\/\/julius.von-lorentz.de\/en\/wp-json\/wp\/v2\/comments?post=830"}],"version-history":[{"count":4,"href":"https:\/\/julius.von-lorentz.de\/en\/wp-json\/wp\/v2\/posts\/830\/revisions"}],"predecessor-version":[{"id":836,"href":"https:\/\/julius.von-lorentz.de\/en\/wp-json\/wp\/v2\/posts\/830\/revisions\/836"}],"wp:featuredmedia":[{"embeddable":true,"href":"https:\/\/julius.von-lorentz.de\/en\/wp-json\/wp\/v2\/media\/843"}],"wp:attachment":[{"href":"https:\/\/julius.von-lorentz.de\/en\/wp-json\/wp\/v2\/media?parent=830"}],"wp:term":[{"taxonomy":"category","embeddable":true,"href":"https:\/\/julius.von-lorentz.de\/en\/wp-json\/wp\/v2\/categories?post=830"},{"taxonomy":"post_tag","embeddable":true,"href":"https:\/\/julius.von-lorentz.de\/en\/wp-json\/wp\/v2\/tags?post=830"}],"curies":[{"name":"wp","href":"https:\/\/api.w.org\/{rel}","templated":true}]}}